{"id":3554,"date":"2022-10-17T09:24:23","date_gmt":"2022-10-17T07:24:23","guid":{"rendered":"https:\/\/alesifko.si\/?p=3554"},"modified":"2025-10-04T10:41:03","modified_gmt":"2025-10-04T08:41:03","slug":"zvocna-gong-kopel-z-alesem-v-gorickih-izah-petek-28-10-2022","status":"publish","type":"post","link":"https:\/\/alesifko.si\/index.php\/2022\/10\/17\/zvocna-gong-kopel-z-alesem-v-gorickih-izah-petek-28-10-2022\/","title":{"rendered":"Zvo\u010dna Gong kopel z Ale\u0161em v Gori\u010dkih I\u017eah { Petek, 28.10.2022 }"},"content":{"rendered":"\n<p>Na vas \u017ee \u010daka sprostitveni dogodek, ki se bo zgodil 28.10.2022 na idili\u010dnem posestvu&nbsp;<a href=\"https:\/\/goricke-ize.si\/sl\/\" target=\"_blank\" rel=\"noreferrer noopener\">Gori\u010dke I\u017ee<\/a>&nbsp;obdanem s prekrasnimi hi\u0161kami iz naravnih materialov in \u010dudovito naravo.<\/p>\n\n\n\n<p>\u017de potovanje do cilja vas lahko prijetno sprosti, saj vodi po mirni cesti in skozi gori\u010dke hrib\u010dke ter borova drevesa. Ko prispete, vas bo z lahkoto o\u010darala mirna lokacija in ambient v katerem se bo odvijal dogodek \u2013 v 150 let starem, obnovljenem skednju s kaminom.<\/p>\n\n\n\n<p>Ujemite to odli\u010dno prilo\u017enost sprostitve in celostnega odklopa ter se nam pridru\u017eite!<\/p>\n\n\n\n<figure class=\"wp-block-image size-full\"><img loading=\"lazy\" decoding=\"async\" width=\"800\" height=\"419\" src=\"https:\/\/alesifko.si\/wp-content\/uploads\/2022\/10\/gong-kopel-okt.jpg\" alt=\"\" class=\"wp-image-3562\" srcset=\"https:\/\/alesifko.si\/wp-content\/uploads\/2022\/10\/gong-kopel-okt.jpg 800w, https:\/\/alesifko.si\/wp-content\/uploads\/2022\/10\/gong-kopel-okt-300x157.jpg 300w, https:\/\/alesifko.si\/wp-content\/uploads\/2022\/10\/gong-kopel-okt-768x402.jpg 768w, https:\/\/alesifko.si\/wp-content\/uploads\/2022\/10\/gong-kopel-okt-359x188.jpg 359w\" sizes=\"auto, (max-width: 767px) 89vw, (max-width: 1000px) 54vw, (max-width: 1071px) 543px, 580px\" \/><\/figure>\n\n\n\n<p><strong>PROGRAM:<\/strong><\/p>\n\n\n\n<p>18:30 \u2013 19:00 Prihod udele\u017eencev<\/p>\n\n\n\n<p>19:00 \u2013 20:30 Zvo\u010dna Gong kopel<\/p>\n\n\n\n<p>20:30 \u2013 21:00 Zdrav prigrizek sestavljen iz lokalne hrane in dru\u017eenje ob ognju<\/p>\n\n\n\n<p><strong>PODATKI O DOGODKU:<\/strong><\/p>\n\n\n\n<p>Kdaj: Petek, 28.10.2022 ob 18:30 uri.<\/p>\n\n\n\n<p>Kje: Gori\u010dke I\u017ee, Kri\u017eevci 216 (oddaljenost iz Murske Sobote 20 minut, iz Maribora 55 minut).<\/p>\n\n\n\n<p>Cena 25 \u20ac.<\/p>\n\n\n\n<p>Z vami bo Ale\u0161 Ifko ~ zvo\u010dni kreator in ustanovitelj Centra ravnovesja, ki \u0161iri blagodejni zvok, vibracije in frekvence Gonga in drugih prvinskih glasbil med ljudi, ki i\u0161\u010dejo globinsko sprostitev telesa, uma in duha, stik s sabo in ravnovesje na vseh podro\u010djih \u017ee ve\u010d kot 10 let.<\/p>\n\n\n\n<p><strong>INFORMACIJE IN REZERVACIJE:<\/strong><\/p>\n\n\n\n<p>Na voljo je 12 prostih mest.<\/p>\n\n\n\n<p><strong>Rezervacije sprejemamo najkasneje do 26.10.2022 na elektronski naslov alesifko@gmail.com ali 031-702-583.<\/strong><\/p>\n\n\n\n<p>Dogodek bo potekal v le\u017ee\u010dem polo\u017eaju, zato si s sabo prinesite vse potrebno za udobnje (mehko blazino, odejo za pokriti, morda vzglavnik).<\/p>\n\n\n\n<p>Informacijo lahko delite naprej v svoj krog prijateljev in znancev, ki bi jih zanimalo blagodejno do\u017eivetje zvoka &amp; vibracij &amp; frekvenc.<\/p>\n\n\n\n<p>Lep pozdrav in vse dobro vam \u017eelimo!<\/p>\n\n\n\n<p>Ale\u0161 Ifko in ekipa Gori\u010dke I\u017ee<\/p>\n","protected":false},"excerpt":{"rendered":"<p>Na vas \u017ee \u010daka sprostitveni dogodek, ki se bo zgodil 28.10.2022 na idili\u010dnem posestvu&nbsp;Gori\u010dke I\u017ee&nbsp;obdanem s prekrasnimi hi\u0161kami iz naravnih materialov in \u010dudovito naravo. \u017de potovanje do cilja vas lahko prijetno sprosti, saj vodi po mirni cesti in skozi gori\u010dke hrib\u010dke ter borova drevesa. Ko prispete, vas bo z lahkoto o\u010darala mirna lokacija in ambient &hellip; <\/p>\n<p class=\"link-more\"><a href=\"https:\/\/alesifko.si\/index.php\/2022\/10\/17\/zvocna-gong-kopel-z-alesem-v-gorickih-izah-petek-28-10-2022\/\" class=\"more-link\">Preberi ve\u010d<span class=\"screen-reader-text\"> &#8220;Zvo\u010dna Gong kopel z Ale\u0161em v Gori\u010dkih I\u017eah { Petek, 28.10.2022 }&#8221;<\/span><\/a><\/p>\n","protected":false},"author":1,"featured_media":3562,"comment_status":"closed","ping_status":"closed","sticky":false,"template":"","format":"standard","meta":{"_jetpack_memberships_contains_paid_content":false,"footnotes":"","jetpack_publicize_message":"","jetpack_publicize_feature_enabled":true,"jetpack_social_post_already_shared":false,"jetpack_social_options":{"image_generator_settings":{"template":"highway","default_image_id":0,"font":"","enabled":false},"version":2}},"categories":[1],"tags":[4,6,13,19,16,18,20,15,14,11,17,12],"class_list":["post-3554","post","type-post","status-publish","format-standard","has-post-thumbnail","hentry","category-nekategorizirano","tag-gong","tag-gong-kopel","tag-gong-oaza","tag-gong-terapija","tag-meditacija","tag-sprostitev","tag-t-spot","tag-tibetanske-pojoce-posode","tag-tibetanske-sklede","tag-zvocna-gong-kopel","tag-zvocna-meditacija","tag-zvocna-terapija"],"aioseo_notices":[],"jetpack_publicize_connections":[],"jetpack_featured_media_url":"https:\/\/alesifko.si\/wp-content\/uploads\/2022\/10\/gong-kopel-okt.jpg","jetpack_sharing_enabled":true,"_links":{"self":[{"href":"https:\/\/alesifko.si\/index.php\/wp-json\/wp\/v2\/posts\/3554","targetHints":{"allow":["GET"]}}],"collection":[{"href":"https:\/\/alesifko.si\/index.php\/wp-json\/wp\/v2\/posts"}],"about":[{"href":"https:\/\/alesifko.si\/index.php\/wp-json\/wp\/v2\/types\/post"}],"author":[{"embeddable":true,"href":"https:\/\/alesifko.si\/index.php\/wp-json\/wp\/v2\/users\/1"}],"replies":[{"embeddable":true,"href":"https:\/\/alesifko.si\/index.php\/wp-json\/wp\/v2\/comments?post=3554"}],"version-history":[{"count":7,"href":"https:\/\/alesifko.si\/index.php\/wp-json\/wp\/v2\/posts\/3554\/revisions"}],"predecessor-version":[{"id":3563,"href":"https:\/\/alesifko.si\/index.php\/wp-json\/wp\/v2\/posts\/3554\/revisions\/3563"}],"wp:featuredmedia":[{"embeddable":true,"href":"https:\/\/alesifko.si\/index.php\/wp-json\/wp\/v2\/media\/3562"}],"wp:attachment":[{"href":"https:\/\/alesifko.si\/index.php\/wp-json\/wp\/v2\/media?parent=3554"}],"wp:term":[{"taxonomy":"category","embeddable":true,"href":"https:\/\/alesifko.si\/index.php\/wp-json\/wp\/v2\/categories?post=3554"},{"taxonomy":"post_tag","embeddable":true,"href":"https:\/\/alesifko.si\/index.php\/wp-json\/wp\/v2\/tags?post=3554"}],"curies":[{"name":"wp","href":"https:\/\/api.w.org\/{rel}","templated":true}]}}